{"id":13697,"date":"2017-09-15T17:24:11","date_gmt":"2017-09-15T17:24:11","guid":{"rendered":"https:\/\/handy.brussels\/vibrez-avec-le-nouveau-programme-au-kaaitheater\/"},"modified":"2017-11-21T20:01:33","modified_gmt":"2017-11-21T20:01:33","slug":"vibrez-avec-le-nouveau-programme-au-kaaitheater","status":"publish","type":"post","link":"https:\/\/handy.brussels\/nl\/vibrez-avec-le-nouveau-programme-au-kaaitheater\/","title":{"rendered":"Ervaar dans op nieuwe maniere in het Kaaitheater"},"content":{"rendered":"<p><strong>Visuele prikkels zijn in voorstellingen veelal dominant. Maar wat als je aangewezen bent op je gehoor en tastzin? Op uitnodiging van Kaaitheater en Europese partners Wiener Tanzwochen, CN D (Parijs) en The Place (Londen), cre\u00ebren Vera Tussing en Anne Juren werk dat mensen die ziend, slechtziend of blind zijn samen kunnen ervaren. Een keuze voor voelen boven zien, voor het nabije boven afstand. Bij Volmir Cordeiro\u2019s dansvoorstelling voorzien we audiodescriptie: een dansprofessional beschrijft live wat er op sc\u00e8ne gebeurt. Mette Edvardsen spreekt vanuit het publiek een lege sc\u00e8ne toe en laat je zo zelf je beelden cre\u00ebren.<\/strong><br \/>\nMeer informatie : <a href=\"https:\/\/www.kaaitheater.be\/fr\/blind\">https:\/\/www.kaaitheater.be\/fr\/blind<\/a><\/p>\n<p>&nbsp;<\/p>\n<p>DE VOORSTELLINGEN :<\/p>\n<p>&nbsp;<\/p>\n<p><strong>Volmir Cordeiro \u2014 L\u2019\u0153il la bouche et le reste<\/strong><\/p>\n<p>Volmir Cordeiro maakt een dans die de fysieke werking en handelingen van het oog wil weergeven. Het innerlijke, het verborgene en zelfs het pre-menselijke en kannibalistische komt bloot te liggen in deze heftige, bijna obsessieve zoektocht naar dans, naar dat wat je niet kunt benoemen.<\/p>\n<p><em>Wanneer? woensdag 18 oktober 2017<\/em><\/p>\n<p>&nbsp;<\/p>\n<p><strong>Mette Edvardsen \u2014 We to be<\/strong><\/p>\n<p>Mette Edvardsen verruimt het klassieke speelvlak drastisch. Ze speelt We to be op drie plaatsen tegelijk: in het boek waaruit ze voorleest, op de lege scene als projectiescherm van je verbeelding, en in de ether als een live radio-uitzending. Edvardsen rondt met deze voorstelling een trilogie af waarin taal en stem de bovenhand krijgen, en het visuele aspect zich verplaatst naar de verbeelding van het publiek.<\/p>\n<p><em>Wanneer? vrijdag 20 en zaterdag 21 oktober 2017<\/em><\/p>\n<p>&nbsp;<\/p>\n<p><strong>Vera Tussing \u2014 The Palm of Your Hand II<\/strong><\/p>\n<p>In 2015 maakte Vera Tussing de voorstelling The Palm of Your Hand, waarin sociale handelingen en klassieke choreografische patronen heel dicht op de huid zaten van de toeschouwers \u2013 zeg maar deelnemers. Nu herwerkt Vera de voorstelling, specifiek om ze toegankelijk te maken voor mensen die blind of slechtziend zijn. Daarom laat ze de choreografie communiceren voorbij het louter zichtbare. Een continue interactie tussen performers en publiek verankert zich in een stilzwijgende verstandhouding. Samen met je medetoeschouwers baken je in ellipsvorm het speelvlak af: dit is een dans van aanraking. Ga samen met de performers op deze ontdekkingsreis naar wat het betekent tactiel te ervaren!<\/p>\n<p><em>Wanneer? vrijdag 17\/11 om 19:30 en zaterdag 18 november om 21:00<\/em><\/p>\n<p>&nbsp;<\/p>\n<p><strong>Anne Juren &#8211; Anatomie<\/strong><\/p>\n<p>Hoe kan een mentale choreografie je een gevoel van beweging geven? In Anatomie cre\u00ebert Anne Juren een bewegingsscore voor ingewanden en lichaamsfuncties. Terwijl je met gesloten ogen op een matje ligt, leidt ze je met haar stem doorheen je lichaam en je geest. Als onderzoek voor deze \u2018dans\u2019 werkte Juren rond de blinde vlek, samen met mensen met een visuele beperking. Hun ervaringen werden het materiaal om tot een choreografie te komen die plaatsvindt in je lichaam.<\/p>\n<p><em>Wanneer? vrijdag 17\/11 om 21:00 en zaterdag 18 november om 19:00<\/em><\/p>\n<p>&nbsp;<\/p>\n<p><strong>Vera Tussing \u2014 The Palm of Your Hand for kids (4-12 ans)<\/strong><\/p>\n<p>Handen schudden, high fives geven, op iemands schouder leunen: in <em>The Palm of Your Hand<\/em> zoeken de dansers het contact met je op. Van tastzin, over verbondenheid tot kringspelletjes: samen met Vera Tussing ga je op avontuur! Na twee avonden voor volwassenen te spelen, verwelkomt Vera vandaag kinderen. Kinderen die slechtziend of blind zijn, zijn van harte welkom!<\/p>\n<p><em>Wanneer? zondag 19 november 2017 om 15:00<\/em><\/p>\n<p>&nbsp;<\/p>\n<p><u><strong>Contact<\/strong><\/u><\/p>\n<p>Hilde Peeters<br \/>\ntel +32 2 274 03 88<br \/>\nm +32 477 60 81 16<br \/>\n<a href=\"mailto:hilde.peeters@kaaitheater.be\">hilde.peeters@kaaitheater.be<\/a><\/p>\n","protected":false},"excerpt":{"rendered":"<p>Visuele prikkels zijn in voorstellingen veelal dominant. Maar wat als je aangewezen bent op je gehoor en tastzin? Op uitnodiging van Kaaitheater en Europese partners Wiener Tanzwochen, CN D (Parijs) en The Place (Londen), cre\u00ebren Vera Tussing en Anne Juren werk dat mensen die ziend, slechtziend of blind zijn samen kunnen ervaren. Een keuze voor&nbsp; <a href=\"https:\/\/handy.brussels\/nl\/vibrez-avec-le-nouveau-programme-au-kaaitheater\/\">&hellip; <\/a><\/p>\n","protected":false},"author":5,"featured_media":13689,"comment_status":"open","ping_status":"open","sticky":false,"template":"","format":"standard","meta":{"_acf_changed":false,"footnotes":""},"categories":[],"tags":[65,62],"class_list":["post-13697","post","type-post","status-publish","format-standard","has-post-thumbnail","hentry","tag-dans","tag-spectakel"],"acf":[],"yoast_head":"<!-- This site is optimized with the Yoast SEO plugin v27.5 - https:\/\/yoast.com\/product\/yoast-seo-wordpress\/ -->\n<title>Ervaar dans op nieuwe maniere in het Kaaitheater - Handy.Brussels - Brussel voor allen !<\/title>\n<meta name=\"robots\" content=\"index, follow, max-snippet:-1, max-image-preview:large, max-video-preview:-1\" \/>\n<link rel=\"canonical\" href=\"https:\/\/handy.brussels\/nl\/vibrez-avec-le-nouveau-programme-au-kaaitheater\/\" \/>\n<meta property=\"og:locale\" content=\"nl_NL\" \/>\n<meta property=\"og:type\" content=\"article\" \/>\n<meta property=\"og:title\" content=\"Ervaar dans op nieuwe maniere in het Kaaitheater - Handy.Brussels - Brussel voor allen !\" \/>\n<meta property=\"og:description\" content=\"Visuele prikkels zijn in voorstellingen veelal dominant. Maar wat als je aangewezen bent op je gehoor en tastzin? Op uitnodiging van Kaaitheater en Europese partners Wiener Tanzwochen, CN D (Parijs) en The Place (Londen), cre\u00ebren Vera Tussing en Anne Juren werk dat mensen die ziend, slechtziend of blind zijn samen kunnen ervaren. Een keuze voor&nbsp; &hellip;\" \/>\n<meta property=\"og:url\" content=\"https:\/\/handy.brussels\/nl\/vibrez-avec-le-nouveau-programme-au-kaaitheater\/\" \/>\n<meta property=\"og:site_name\" content=\"Handy.Brussels - Brussel voor allen !\" \/>\n<meta property=\"article:published_time\" content=\"2017-09-15T17:24:11+00:00\" \/>\n<meta property=\"article:modified_time\" content=\"2017-11-21T20:01:33+00:00\" \/>\n<meta property=\"og:image\" content=\"https:\/\/handy.brussels\/wp-content\/uploads\/2017\/09\/volmir_cordeiro_-_loeil_la_bouche_et_le_reste_c_fernanda-tafner_1.jpg\" \/>\n\t<meta property=\"og:image:width\" content=\"790\" \/>\n\t<meta property=\"og:image:height\" content=\"524\" \/>\n\t<meta property=\"og:image:type\" content=\"image\/jpeg\" \/>\n<meta name=\"author\" content=\"Andr\u00e9 Moons\" \/>\n<meta name=\"twitter:card\" content=\"summary_large_image\" \/>\n<meta name=\"twitter:label1\" content=\"Geschreven door\" \/>\n\t<meta name=\"twitter:data1\" content=\"Andr\u00e9 Moons\" \/>\n\t<meta name=\"twitter:label2\" content=\"Geschatte leestijd\" \/>\n\t<meta name=\"twitter:data2\" content=\"3 minuten\" \/>\n<script type=\"application\/ld+json\" class=\"yoast-schema-graph\">{\"@context\":\"https:\\\/\\\/schema.org\",\"@graph\":[{\"@type\":\"Article\",\"@id\":\"https:\\\/\\\/handy.brussels\\\/nl\\\/vibrez-avec-le-nouveau-programme-au-kaaitheater\\\/#article\",\"isPartOf\":{\"@id\":\"https:\\\/\\\/handy.brussels\\\/nl\\\/vibrez-avec-le-nouveau-programme-au-kaaitheater\\\/\"},\"author\":{\"name\":\"Andr\u00e9 Moons\",\"@id\":\"https:\\\/\\\/handy.brussels\\\/nl\\\/#\\\/schema\\\/person\\\/87524689dcf58f53b513106f893f24b6\"},\"headline\":\"Ervaar dans op nieuwe maniere in het Kaaitheater\",\"datePublished\":\"2017-09-15T17:24:11+00:00\",\"dateModified\":\"2017-11-21T20:01:33+00:00\",\"mainEntityOfPage\":{\"@id\":\"https:\\\/\\\/handy.brussels\\\/nl\\\/vibrez-avec-le-nouveau-programme-au-kaaitheater\\\/\"},\"wordCount\":549,\"commentCount\":0,\"image\":{\"@id\":\"https:\\\/\\\/handy.brussels\\\/nl\\\/vibrez-avec-le-nouveau-programme-au-kaaitheater\\\/#primaryimage\"},\"thumbnailUrl\":\"https:\\\/\\\/handy.brussels\\\/wp-content\\\/uploads\\\/2017\\\/09\\\/volmir_cordeiro_-_loeil_la_bouche_et_le_reste_c_fernanda-tafner_1.jpg\",\"keywords\":[\"Dans\",\"spectakel\"],\"inLanguage\":\"nl-NL\",\"potentialAction\":[{\"@type\":\"CommentAction\",\"name\":\"Comment\",\"target\":[\"https:\\\/\\\/handy.brussels\\\/nl\\\/vibrez-avec-le-nouveau-programme-au-kaaitheater\\\/#respond\"]}]},{\"@type\":\"WebPage\",\"@id\":\"https:\\\/\\\/handy.brussels\\\/nl\\\/vibrez-avec-le-nouveau-programme-au-kaaitheater\\\/\",\"url\":\"https:\\\/\\\/handy.brussels\\\/nl\\\/vibrez-avec-le-nouveau-programme-au-kaaitheater\\\/\",\"name\":\"Ervaar dans op nieuwe maniere in het Kaaitheater - Handy.Brussels - Brussel voor allen !\",\"isPartOf\":{\"@id\":\"https:\\\/\\\/handy.brussels\\\/nl\\\/#website\"},\"primaryImageOfPage\":{\"@id\":\"https:\\\/\\\/handy.brussels\\\/nl\\\/vibrez-avec-le-nouveau-programme-au-kaaitheater\\\/#primaryimage\"},\"image\":{\"@id\":\"https:\\\/\\\/handy.brussels\\\/nl\\\/vibrez-avec-le-nouveau-programme-au-kaaitheater\\\/#primaryimage\"},\"thumbnailUrl\":\"https:\\\/\\\/handy.brussels\\\/wp-content\\\/uploads\\\/2017\\\/09\\\/volmir_cordeiro_-_loeil_la_bouche_et_le_reste_c_fernanda-tafner_1.jpg\",\"datePublished\":\"2017-09-15T17:24:11+00:00\",\"dateModified\":\"2017-11-21T20:01:33+00:00\",\"author\":{\"@id\":\"https:\\\/\\\/handy.brussels\\\/nl\\\/#\\\/schema\\\/person\\\/87524689dcf58f53b513106f893f24b6\"},\"breadcrumb\":{\"@id\":\"https:\\\/\\\/handy.brussels\\\/nl\\\/vibrez-avec-le-nouveau-programme-au-kaaitheater\\\/#breadcrumb\"},\"inLanguage\":\"nl-NL\",\"potentialAction\":[{\"@type\":\"ReadAction\",\"target\":[\"https:\\\/\\\/handy.brussels\\\/nl\\\/vibrez-avec-le-nouveau-programme-au-kaaitheater\\\/\"]}]},{\"@type\":\"ImageObject\",\"inLanguage\":\"nl-NL\",\"@id\":\"https:\\\/\\\/handy.brussels\\\/nl\\\/vibrez-avec-le-nouveau-programme-au-kaaitheater\\\/#primaryimage\",\"url\":\"https:\\\/\\\/handy.brussels\\\/wp-content\\\/uploads\\\/2017\\\/09\\\/volmir_cordeiro_-_loeil_la_bouche_et_le_reste_c_fernanda-tafner_1.jpg\",\"contentUrl\":\"https:\\\/\\\/handy.brussels\\\/wp-content\\\/uploads\\\/2017\\\/09\\\/volmir_cordeiro_-_loeil_la_bouche_et_le_reste_c_fernanda-tafner_1.jpg\",\"width\":790,\"height\":524},{\"@type\":\"BreadcrumbList\",\"@id\":\"https:\\\/\\\/handy.brussels\\\/nl\\\/vibrez-avec-le-nouveau-programme-au-kaaitheater\\\/#breadcrumb\",\"itemListElement\":[{\"@type\":\"ListItem\",\"position\":1,\"name\":\"Accueil\",\"item\":\"https:\\\/\\\/handy.brussels\\\/nl\\\/\"},{\"@type\":\"ListItem\",\"position\":2,\"name\":\"Ervaar dans op nieuwe maniere in het Kaaitheater\"}]},{\"@type\":\"WebSite\",\"@id\":\"https:\\\/\\\/handy.brussels\\\/nl\\\/#website\",\"url\":\"https:\\\/\\\/handy.brussels\\\/nl\\\/\",\"name\":\"Handy.Brussels - Brussel voor allen !\",\"description\":\"De toeristische gids voor personen met beperkte mobiliteit in Brussel\",\"potentialAction\":[{\"@type\":\"SearchAction\",\"target\":{\"@type\":\"EntryPoint\",\"urlTemplate\":\"https:\\\/\\\/handy.brussels\\\/nl\\\/?s={search_term_string}\"},\"query-input\":{\"@type\":\"PropertyValueSpecification\",\"valueRequired\":true,\"valueName\":\"search_term_string\"}}],\"inLanguage\":\"nl-NL\"},{\"@type\":\"Person\",\"@id\":\"https:\\\/\\\/handy.brussels\\\/nl\\\/#\\\/schema\\\/person\\\/87524689dcf58f53b513106f893f24b6\",\"name\":\"Andr\u00e9 Moons\"}]}<\/script>\n<!-- \/ Yoast SEO plugin. -->","yoast_head_json":{"title":"Ervaar dans op nieuwe maniere in het Kaaitheater - Handy.Brussels - Brussel voor allen !","robots":{"index":"index","follow":"follow","max-snippet":"max-snippet:-1","max-image-preview":"max-image-preview:large","max-video-preview":"max-video-preview:-1"},"canonical":"https:\/\/handy.brussels\/nl\/vibrez-avec-le-nouveau-programme-au-kaaitheater\/","og_locale":"nl_NL","og_type":"article","og_title":"Ervaar dans op nieuwe maniere in het Kaaitheater - Handy.Brussels - Brussel voor allen !","og_description":"Visuele prikkels zijn in voorstellingen veelal dominant. Maar wat als je aangewezen bent op je gehoor en tastzin? Op uitnodiging van Kaaitheater en Europese partners Wiener Tanzwochen, CN D (Parijs) en The Place (Londen), cre\u00ebren Vera Tussing en Anne Juren werk dat mensen die ziend, slechtziend of blind zijn samen kunnen ervaren. Een keuze voor&nbsp; &hellip;","og_url":"https:\/\/handy.brussels\/nl\/vibrez-avec-le-nouveau-programme-au-kaaitheater\/","og_site_name":"Handy.Brussels - Brussel voor allen !","article_published_time":"2017-09-15T17:24:11+00:00","article_modified_time":"2017-11-21T20:01:33+00:00","og_image":[{"width":790,"height":524,"url":"https:\/\/handy.brussels\/wp-content\/uploads\/2017\/09\/volmir_cordeiro_-_loeil_la_bouche_et_le_reste_c_fernanda-tafner_1.jpg","type":"image\/jpeg"}],"author":"Andr\u00e9 Moons","twitter_card":"summary_large_image","twitter_misc":{"Geschreven door":"Andr\u00e9 Moons","Geschatte leestijd":"3 minuten"},"schema":{"@context":"https:\/\/schema.org","@graph":[{"@type":"Article","@id":"https:\/\/handy.brussels\/nl\/vibrez-avec-le-nouveau-programme-au-kaaitheater\/#article","isPartOf":{"@id":"https:\/\/handy.brussels\/nl\/vibrez-avec-le-nouveau-programme-au-kaaitheater\/"},"author":{"name":"Andr\u00e9 Moons","@id":"https:\/\/handy.brussels\/nl\/#\/schema\/person\/87524689dcf58f53b513106f893f24b6"},"headline":"Ervaar dans op nieuwe maniere in het Kaaitheater","datePublished":"2017-09-15T17:24:11+00:00","dateModified":"2017-11-21T20:01:33+00:00","mainEntityOfPage":{"@id":"https:\/\/handy.brussels\/nl\/vibrez-avec-le-nouveau-programme-au-kaaitheater\/"},"wordCount":549,"commentCount":0,"image":{"@id":"https:\/\/handy.brussels\/nl\/vibrez-avec-le-nouveau-programme-au-kaaitheater\/#primaryimage"},"thumbnailUrl":"https:\/\/handy.brussels\/wp-content\/uploads\/2017\/09\/volmir_cordeiro_-_loeil_la_bouche_et_le_reste_c_fernanda-tafner_1.jpg","keywords":["Dans","spectakel"],"inLanguage":"nl-NL","potentialAction":[{"@type":"CommentAction","name":"Comment","target":["https:\/\/handy.brussels\/nl\/vibrez-avec-le-nouveau-programme-au-kaaitheater\/#respond"]}]},{"@type":"WebPage","@id":"https:\/\/handy.brussels\/nl\/vibrez-avec-le-nouveau-programme-au-kaaitheater\/","url":"https:\/\/handy.brussels\/nl\/vibrez-avec-le-nouveau-programme-au-kaaitheater\/","name":"Ervaar dans op nieuwe maniere in het Kaaitheater - Handy.Brussels - Brussel voor allen !","isPartOf":{"@id":"https:\/\/handy.brussels\/nl\/#website"},"primaryImageOfPage":{"@id":"https:\/\/handy.brussels\/nl\/vibrez-avec-le-nouveau-programme-au-kaaitheater\/#primaryimage"},"image":{"@id":"https:\/\/handy.brussels\/nl\/vibrez-avec-le-nouveau-programme-au-kaaitheater\/#primaryimage"},"thumbnailUrl":"https:\/\/handy.brussels\/wp-content\/uploads\/2017\/09\/volmir_cordeiro_-_loeil_la_bouche_et_le_reste_c_fernanda-tafner_1.jpg","datePublished":"2017-09-15T17:24:11+00:00","dateModified":"2017-11-21T20:01:33+00:00","author":{"@id":"https:\/\/handy.brussels\/nl\/#\/schema\/person\/87524689dcf58f53b513106f893f24b6"},"breadcrumb":{"@id":"https:\/\/handy.brussels\/nl\/vibrez-avec-le-nouveau-programme-au-kaaitheater\/#breadcrumb"},"inLanguage":"nl-NL","potentialAction":[{"@type":"ReadAction","target":["https:\/\/handy.brussels\/nl\/vibrez-avec-le-nouveau-programme-au-kaaitheater\/"]}]},{"@type":"ImageObject","inLanguage":"nl-NL","@id":"https:\/\/handy.brussels\/nl\/vibrez-avec-le-nouveau-programme-au-kaaitheater\/#primaryimage","url":"https:\/\/handy.brussels\/wp-content\/uploads\/2017\/09\/volmir_cordeiro_-_loeil_la_bouche_et_le_reste_c_fernanda-tafner_1.jpg","contentUrl":"https:\/\/handy.brussels\/wp-content\/uploads\/2017\/09\/volmir_cordeiro_-_loeil_la_bouche_et_le_reste_c_fernanda-tafner_1.jpg","width":790,"height":524},{"@type":"BreadcrumbList","@id":"https:\/\/handy.brussels\/nl\/vibrez-avec-le-nouveau-programme-au-kaaitheater\/#breadcrumb","itemListElement":[{"@type":"ListItem","position":1,"name":"Accueil","item":"https:\/\/handy.brussels\/nl\/"},{"@type":"ListItem","position":2,"name":"Ervaar dans op nieuwe maniere in het Kaaitheater"}]},{"@type":"WebSite","@id":"https:\/\/handy.brussels\/nl\/#website","url":"https:\/\/handy.brussels\/nl\/","name":"Handy.Brussels - Brussel voor allen !","description":"De toeristische gids voor personen met beperkte mobiliteit in Brussel","potentialAction":[{"@type":"SearchAction","target":{"@type":"EntryPoint","urlTemplate":"https:\/\/handy.brussels\/nl\/?s={search_term_string}"},"query-input":{"@type":"PropertyValueSpecification","valueRequired":true,"valueName":"search_term_string"}}],"inLanguage":"nl-NL"},{"@type":"Person","@id":"https:\/\/handy.brussels\/nl\/#\/schema\/person\/87524689dcf58f53b513106f893f24b6","name":"Andr\u00e9 Moons"}]}},"_links":{"self":[{"href":"https:\/\/handy.brussels\/nl\/wp-json\/wp\/v2\/posts\/13697\/"}],"collection":[{"href":"https:\/\/handy.brussels\/nl\/wp-json\/wp\/v2\/posts\/"}],"about":[{"href":"https:\/\/handy.brussels\/nl\/wp-json\/wp\/v2\/types\/post\/"}],"author":[{"embeddable":true,"href":"https:\/\/handy.brussels\/nl\/wp-json\/wp\/v2\/users\/5\/"}],"replies":[{"embeddable":true,"href":"https:\/\/handy.brussels\/nl\/wp-json\/wp\/v2\/comments\/?post=13697"}],"version-history":[{"count":0,"href":"https:\/\/handy.brussels\/nl\/wp-json\/wp\/v2\/posts\/13697\/revisions\/"}],"wp:featuredmedia":[{"embeddable":true,"href":"https:\/\/handy.brussels\/nl\/wp-json\/wp\/v2\/media\/13689\/"}],"wp:attachment":[{"href":"https:\/\/handy.brussels\/nl\/wp-json\/wp\/v2\/media\/?parent=13697"}],"wp:term":[{"taxonomy":"category","embeddable":true,"href":"https:\/\/handy.brussels\/nl\/wp-json\/wp\/v2\/categories\/?post=13697"},{"taxonomy":"post_tag","embeddable":true,"href":"https:\/\/handy.brussels\/nl\/wp-json\/wp\/v2\/tags\/?post=13697"}],"curies":[{"name":"wp","href":"https:\/\/api.w.org\/{rel}","templated":true}]}}